[{"@context":"https:\/\/schema.org\/","@type":"Article","@id":"https:\/\/www.gingerall.cz\/nestarnouci-elegance-v-cerne\/#Article","mainEntityOfPage":"https:\/\/www.gingerall.cz\/nestarnouci-elegance-v-cerne\/","headline":"Nest\u00e1rnouc\u00ed elegance v \u010dern\u00e9","name":"Nest\u00e1rnouc\u00ed elegance v \u010dern\u00e9","description":"Nem\u00e1te dost m\u00f3dn\u00edch dopl\u0148k\u016f v podob\u011b ta\u0161ek a bra\u0161en? Ve va\u0161\u00ed v\u00fdbav\u011b m\u00f3dn\u00edch dopl\u0148k\u016f nesm\u00ed za \u017e\u00e1dnou cenu chyb\u011bt ko\u017een\u00e1 kabelka \u010dern\u00e1. A pro\u010d? Proto\u017ee je zkr\u00e1tka nejprakti\u010dt\u011bj\u0161\u00ed. Na \u010dern\u00e9 barv\u011b je nejskv\u011blej\u0161\u00ed to, \u017ee se v\u00e1m jednodu\u0161e hod\u00ed ke v\u0161emu. M\u016f\u017eete tak zvolit r\u016fznou kombinaci va\u0161eho oble\u010den\u00ed, a p\u0159esto budete m\u00edt jistotu, \u017ee se [&hellip;]","datePublished":"2017-12-26","dateModified":"2023-04-29","author":{"@type":"Person","@id":"https:\/\/www.gingerall.cz\/author\/devene\/#Person","name":"gingerall.cz","url":"https:\/\/www.gingerall.cz\/author\/devene\/","identifier":1,"image":{"@type":"ImageObject","@id":"https:\/\/secure.gravatar.com\/avatar\/b86e461e91a792eb6523c2667396c9868de382fea5dd80e25dc0d9e030173b65?s=96&d=mm&r=g","url":"https:\/\/secure.gravatar.com\/avatar\/b86e461e91a792eb6523c2667396c9868de382fea5dd80e25dc0d9e030173b65?s=96&d=mm&r=g","height":96,"width":96}},"publisher":{"@type":"Organization","name":"gingerall.cz","logo":{"@type":"ImageObject","@id":"\/logo.png","url":"\/logo.png","width":600,"height":60}},"image":{"@type":"ImageObject","@id":"https:\/\/www.gingerall.cz\/wp-content\/uploads\/img_a315790_w1971_t1526671758.jpg","url":"https:\/\/www.gingerall.cz\/wp-content\/uploads\/img_a315790_w1971_t1526671758.jpg","height":0,"width":0},"url":"https:\/\/www.gingerall.cz\/nestarnouci-elegance-v-cerne\/","about":["N\u00e1kupy"],"wordCount":425,"articleBody":"          Nem\u00e1te dost m\u00f3dn\u00edch dopl\u0148k\u016f v podob\u011b ta\u0161ek a bra\u0161en? Ve va\u0161\u00ed v\u00fdbav\u011b m\u00f3dn\u00edch dopl\u0148k\u016f nesm\u00ed za \u017e\u00e1dnou cenu chyb\u011bt ko\u017een\u00e1 kabelka \u010dern\u00e1. A pro\u010d? Proto\u017ee je zkr\u00e1tka nejprakti\u010dt\u011bj\u0161\u00ed. Na \u010dern\u00e9 barv\u011b je nejskv\u011blej\u0161\u00ed to, \u017ee se v\u00e1m jednodu\u0161e hod\u00ed ke v\u0161emu. M\u016f\u017eete tak zvolit r\u016fznou kombinaci va\u0161eho oble\u010den\u00ed, a p\u0159esto budete m\u00edt jistotu, \u017ee se v\u00e1m ta\u0161ka p\u0159es rameno bude k va\u0161emu outfitu hodit. Praktick\u00e1 volba pro jakoukoliv p\u0159\u00edle\u017eitost M\u016f\u017eete si b\u00fdt jisti, \u017ee a\u0165 se s takovouto kabelkou vyd\u00e1te kamkoliv, v\u017edy se v\u00e1m bude hodit k oble\u010den\u00ed i pro r\u016fzn\u00e9 spole\u010densk\u00e9 ud\u00e1losti a podobn\u011b. Je zkr\u00e1tka skv\u011blou investic\u00ed, kter\u00e9 rozhodn\u011b nemus\u00edte litovat.R\u016fzn\u00e9 typy proveden\u00ed pro r\u016fzn\u00e9 mo\u017enosti no\u0161en\u00ed &#8211; do ruky, na p\u0159edlokt\u00ed nebo p\u0159es rameno Ka\u017ed\u00e9mu z n\u00e1s se ta\u0161ka nos\u00ed nejpohodln\u011bji jinak. N\u011bkter\u00e1 \u017eena up\u0159ednost\u0148uje dlouholetou klasiku, a sice no\u0161en\u00ed p\u0159es rameno, jin\u00e1 zase d\u00e1v\u00e1 p\u0159ednost elegantn\u00edmu no\u0161en\u00ed ta\u0161ky, co\u017e je trendem posledn\u00ed doby, kter\u00fdm je no\u0161en\u00ed na p\u0159edlokt\u00ed. V\u011bt\u0161ina ta\u0161ek disponuje jak popruhem pro no\u0161en\u00ed v ruce a na p\u0159edlokt\u00ed, tak i p\u0159\u00eddavn\u00fdm popruhem ur\u010den\u00fdm k no\u0161en\u00ed p\u0159es rameno. M\u016f\u017eete je tak dle va\u0161\u00ed pot\u0159eby libovoln\u011b st\u0159\u00eddat, jak se v\u00e1m to moment\u00e1ln\u011b hod\u00ed. Vyberte si z r\u016fzn\u00fdch typ\u016f, a to nejen z r\u016fzn\u00fdch mo\u017enost\u00ed no\u0161en\u00ed, ale tak\u00e9 z r\u016fzn\u00fdch rozm\u011br\u016f. V ka\u017ed\u00e9m p\u0159\u00edpad\u011b na v\u00e1s \u010dekaj\u00ed praktick\u00e9 men\u0161\u00ed i v\u011bt\u0161\u00ed kapsy, budete tak m\u00edt o sv\u00fdch v\u011bcech v ta\u0161ce lep\u0161\u00ed p\u0159ehled. Na vzhledu dodaj\u00ed \u0161mrnc tak\u00e9 r\u016fzn\u00e9 kovov\u00e9 spony a dal\u0161\u00ed podobn\u00e9 detaily. Nemus\u00edte se tak v\u016fbec styd\u011bt vyrazit s takovou kabelkou do spole\u010dnosti, na pracovn\u00ed sch\u016fzku nebo klidn\u011b i do divadla. Jej\u00ed vyu\u017eit\u00ed je opravdu v\u0161estrann\u00e9, a to d\u00edky neutr\u00e1ln\u00ed barv\u011b, elegantn\u00edmu vzhledu a prakti\u010dnosti. Po\u0159i\u010fte si do va\u0161eho m\u00f3dn\u00edho \u0161atn\u00edku n\u011bkterou z t\u011bchto b\u00e1je\u010dn\u00fdch ta\u0161ek p\u0159es rameno a z\u00edskejte tak elegantn\u00ed a praktick\u00fd m\u00f3dn\u00ed dopln\u011bk do va\u0161\u00ed garderoby.                                                                                                                                                                                                                                                                                                                                                                                                 "},{"@context":"https:\/\/schema.org\/","@type":"BreadcrumbList","itemListElement":[{"@type":"ListItem","position":1,"name":"Nest\u00e1rnouc\u00ed elegance v \u010dern\u00e9","item":"https:\/\/www.gingerall.cz\/nestarnouci-elegance-v-cerne\/#breadcrumbitem"}]}]