[{"@context":"https:\/\/schema.org\/","@type":"Article","@id":"https:\/\/www.gingerall.cz\/svatba-je-mala-modni-prehlidka\/#Article","mainEntityOfPage":"https:\/\/www.gingerall.cz\/svatba-je-mala-modni-prehlidka\/","headline":"Svatba je mal\u00e1 m\u00f3dn\u00ed p\u0159ehl\u00eddka","name":"Svatba je mal\u00e1 m\u00f3dn\u00ed p\u0159ehl\u00eddka","description":"Svatebn\u00ed ob\u0159ad je velice d\u016fle\u017eit\u00e1 spole\u010densk\u00e1 ud\u00e1lost. A k t\u00e9 zajist\u00e9 pat\u0159\u00ed vhodn\u00fd v\u00fdb\u011br \u0161at\u016f. Zejm\u00e9na \u017eeny se cht\u011bj\u00ed na tuto akci obl\u00e9knout tak, aby vypadaly co nejdokonaleji. A nemus\u00ed j\u00edt p\u0159\u00edmo o nev\u011bstu. I dru\u017ei\u010dky a ostatn\u00ed host\u00e9 tou\u017e\u00ed po tom b\u00fdt nejkr\u00e1sn\u011bj\u0161\u00ed. Univerz\u00e1ln\u00ed rada pro v\u00fdb\u011br \u0161at\u016f ale neexistuje. V\u017edy z\u00e1le\u017e\u00ed na tom, [&hellip;]","datePublished":"2018-04-06","dateModified":"2023-04-29","author":{"@type":"Person","@id":"https:\/\/www.gingerall.cz\/author\/devene\/#Person","name":"gingerall.cz","url":"https:\/\/www.gingerall.cz\/author\/devene\/","identifier":1,"image":{"@type":"ImageObject","@id":"https:\/\/secure.gravatar.com\/avatar\/b86e461e91a792eb6523c2667396c9868de382fea5dd80e25dc0d9e030173b65?s=96&d=mm&r=g","url":"https:\/\/secure.gravatar.com\/avatar\/b86e461e91a792eb6523c2667396c9868de382fea5dd80e25dc0d9e030173b65?s=96&d=mm&r=g","height":96,"width":96}},"publisher":{"@type":"Organization","name":"gingerall.cz","logo":{"@type":"ImageObject","@id":"\/logo.png","url":"\/logo.png","width":600,"height":60}},"image":{"@type":"ImageObject","@id":"https:\/\/www.gingerall.cz\/wp-content\/uploads\/img_a315143_w1971_t1526066925.jpg","url":"https:\/\/www.gingerall.cz\/wp-content\/uploads\/img_a315143_w1971_t1526066925.jpg","height":0,"width":0},"url":"https:\/\/www.gingerall.cz\/svatba-je-mala-modni-prehlidka\/","about":["\u017deny"],"wordCount":402,"articleBody":"        Svatebn\u00ed ob\u0159ad je velice d\u016fle\u017eit\u00e1 spole\u010densk\u00e1 ud\u00e1lost. A k t\u00e9 zajist\u00e9 pat\u0159\u00ed vhodn\u00fd v\u00fdb\u011br \u0161at\u016f. Zejm\u00e9na \u017eeny se cht\u011bj\u00ed na tuto akci obl\u00e9knout tak, aby vypadaly co nejdokonaleji. A nemus\u00ed j\u00edt p\u0159\u00edmo o nev\u011bstu. I dru\u017ei\u010dky a ostatn\u00ed host\u00e9 tou\u017e\u00ed po tom b\u00fdt nejkr\u00e1sn\u011bj\u0161\u00ed. Univerz\u00e1ln\u00ed rada pro v\u00fdb\u011br \u0161at\u016f ale neexistuje. V\u017edy z\u00e1le\u017e\u00ed na tom, na jak\u00fd typ svatby je \u017eena pozv\u00e1na. Pokud pomineme skute\u010dn\u011b netradi\u010dn\u00ed svatebn\u00ed ud\u00e1losti, ke kter\u00fdm nap\u0159\u00edklad pat\u0159\u00ed r\u016fzn\u00e9 vod\u00e1ck\u00e9 nebo t\u0159eba i pot\u00e1p\u011b\u010dsk\u00e9 ob\u0159ady, daly by se svatby rozd\u011blit do dvou skupin. Na ty m\u00e9n\u011b form\u00e1ln\u00ed a na ty, kter\u00e9 jsou v duchu dokonal\u00e9 elegance.  &#8211; M\u00e9n\u011b spole\u010densky upjat\u00e9 nevy\u017eaduj\u00ed p\u0159\u00edmo dlouhou toaletu a tak mohou b\u00fdt \u0161aty i krat\u0161\u00edho a stroh\u00e9ho st\u0159ihu. &#8211; Ve\u010dern\u00ed form\u00e1ln\u00ed ob\u0159ady si zaslou\u017e\u00ed \u0161aty del\u0161\u00ed a elegantn\u00ed. Jedna rada je v\u0161ak pro v\u0161echny tyto akce ur\u010dit\u011b spole\u010dn\u00e1. \u017d\u00e1dn\u00e1 \u017eena se nesm\u00ed sna\u017eit zast\u00ednit v\u00fdb\u011brem sv\u00e9ho oble\u010den\u00ed nev\u011bstu. To ov\u0161em v \u017e\u00e1dn\u00e9m p\u0159\u00edpad\u011b nem\u00e1 znamenat, \u017ee se m\u00e1 d\u00edvka nebo \u017eena zahalit od hlavy a\u017e k pat\u011b do n\u011b\u010deho neforemn\u00e9ho a d\u011blat, \u017ee je malou \u0161edou my\u0161kou. L\u00e9to l\u00e1k\u00e1 k romantice  Pokud jde o barvu a nen\u00ed mo\u017en\u00e9 se rozhodnout, kter\u00e1 by byla tou nejvhodn\u011bj\u0161\u00ed, pak s \u010dernou nikdy nes\u00e1hnete vedle. M\u00f3dn\u00ed sal\u00f3ny, kter\u00e9 se p\u0159\u00edmo t\u00edmto druhem oble\u010den\u00ed zab\u00fdvaj\u00ed https:\/\/www.svatebni-saty-spolecenske-plesove.cz\/doporucujeme\/spolecenske-saty-na-svatbu\/, v\u00e1m jist\u011b dovedou skv\u011ble poradit. D\u0159\u00edve se svatebn\u00ed ob\u0159ady pl\u00e1novaly v\u011bt\u0161inou na chladn\u00e1 zimn\u00ed obdob\u00ed. Pokud tedy z n\u011bjak\u00e9ho d\u016fvodu nev\u011bsta \u201epod \u010depec\u201c n\u011bjak v\u00fdrazn\u011b nesp\u011bchala. Bylo to logick\u00e9 a praktick\u00e9 z hlediska ob\u010derstven\u00ed. Dnes se mnoho snoubenc\u016f rad\u011bji bere v l\u00e9t\u011b. &#8211; Je to romanti\u010dt\u011bj\u0161\u00ed a nev\u011bsta se nemus\u00ed ob\u00e1vat, \u017ee by cestou z radnice nebo kostela nastydla. &#8211; Letn\u00edm obdob\u00edm se tak\u00e9 roz\u0161i\u0159uje mo\u017enost v\u00fdb\u011bru \u0161at\u016f nejen pro samotnou nev\u011bstu, ale i pro v\u0161echny ostatn\u00ed p\u0159\u00edtomn\u00e9 d\u00e1my.                                                                                                                                                                                                                                                                                                                                                                                                  "},{"@context":"https:\/\/schema.org\/","@type":"BreadcrumbList","itemListElement":[{"@type":"ListItem","position":1,"name":"Svatba je mal\u00e1 m\u00f3dn\u00ed p\u0159ehl\u00eddka","item":"https:\/\/www.gingerall.cz\/svatba-je-mala-modni-prehlidka\/#breadcrumbitem"}]}]